{"id":1671,"date":"2022-02-19T08:48:38","date_gmt":"2022-02-19T11:48:38","guid":{"rendered":"http:\/\/elfaro.fmmiradio.com\/?p=1671"},"modified":"2022-02-19T11:02:20","modified_gmt":"2022-02-19T14:02:20","slug":"se-puso-en-marcha-el-programa-mejoro-mi-vivienda-en-santa-rosa-y-la-paz","status":"publish","type":"post","link":"https:\/\/elfaro.fmmiradio.com\/?p=1671","title":{"rendered":"Se puso en marcha el Programa \u00abMejoro mi vivienda\u00bb en Santa Rosa y La Paz."},"content":{"rendered":"\n<p>En Santa Rosa 81 vecinos podr\u00e1n acceder al mejoramiento de sus viviendas en 6 tipolog\u00edas distintas.<br><br>De manera conjunta el IPV y el Municipio de Santa Rosa trabajar\u00e1n en soluciones habitacionales para el departamento de Santa Rosa y La Paz.<br><br>Hoy por la ma\u00f1ana se firm\u00f3 el acta de inicio de obras en Bodegas Fantelli. Participaron de la firma del convenio la Presidenta del IPV, Maria Marta Ontanilla, la Intendenta Municipal Flor Dest\u00e9fanis, el Intendente de La Paz, Fernando Ubieta y el responsable de la empresa encargada de la obra Sur Construcciones S.A, Sendra Mart\u00edn.<br>Se podr\u00e1 acceder a 6 tipolog\u00edas de construcci\u00f3n:<br><br>Tipolog\u00eda 1: construcci\u00f3n de ba\u00f1o con lavadero, cuenta con una superficie de 6,84 m2 siendo un total de 8 (ocho) intervenciones.<br>Tipolog\u00eda 2: construcci\u00f3n de 1 (uno) ba\u00f1o para personas con discapacidad (9,60 metros cuadrados)<br>Tipolog\u00eda 3: construcci\u00f3n de 1 (uno) dormitorio, cuenta con una superficie de 14.40 m2 siendo un total de 19 (diecinueve) intervenciones.<br>Tipolog\u00eda 4: construcci\u00f3n de 2 (dos) dormitorios, cuenta con una superficie de 23,50 m2 siendo un total de 7 intervenciones.<br>Tipolog\u00eda 5: construcci\u00f3n de 1 (uno) sal\u00f3n, cuenta con una superficie de 23,50 m2 siendo un total de 12 intervenciones.<br>Tipolog\u00eda 6: construcci\u00f3n de n\u00facleo seco y h\u00famedo, cuenta con una superficie de 32,46 m2 siendo un total de 35 intervenciones.<br>\u00bfC\u00f3mo acceder?<br><br>Para postular deber\u00e1n dirigirse a la oficina de Vivienda del Municipio a partir de la pr\u00f3xima semana. El equipo t\u00e9cnico de Vivienda har\u00e1 un an\u00e1lisis social, t\u00e9cnico y notarial de cada caso; si se dan las condiciones se podr\u00e1 acceder a una o varias de las tipolog\u00edas de mejoramiento.<br>Es de esperar que en La Paz, haya una metodolog\u00eda similar.<br>Fuente: Prensa de Santa Rosa.<\/p>\n\n\n\n<figure class=\"wp-block-image\"><img alt=\"\" \/><\/figure>\n\n\n\n<figure class=\"wp-block-image size-large\"><img decoding=\"async\" loading=\"lazy\" width=\"640\" height=\"361\" src=\"http:\/\/elfaro.fmmiradio.com\/wp-content\/uploads\/2022\/02\/vivienda-santa-Rosa-2.jpeg\" alt=\"\" class=\"wp-image-1684\" srcset=\"https:\/\/elfaro.fmmiradio.com\/wp-content\/uploads\/2022\/02\/vivienda-santa-Rosa-2.jpeg 640w, https:\/\/elfaro.fmmiradio.com\/wp-content\/uploads\/2022\/02\/vivienda-santa-Rosa-2-300x169.jpeg 300w\" sizes=\"(max-width: 640px) 100vw, 640px\" \/><figcaption>Protagonistas del encuentro.<\/figcaption><\/figure>\n","protected":false},"excerpt":{"rendered":"<p>En Santa Rosa 81 vecinos podr\u00e1n acceder al mejoramiento de sus viviendas en 6 tipolog\u00edas distintas.De manera conjunta el IPV y el Municipio de Santa Rosa trabajar\u00e1n en soluciones habitacionales para el departamento de Santa Rosa y La Paz.Hoy por la ma\u00f1ana se firm\u00f3 el acta de inicio de obras en Bodegas Fantelli. Participaron de &hellip;<\/p>\n","protected":false},"author":4,"featured_media":1684,"comment_status":"open","ping_status":"open","sticky":false,"template":"","format":"standard","meta":[],"categories":[105,1],"tags":[],"_links":{"self":[{"href":"https:\/\/elfaro.fmmiradio.com\/index.php?rest_route=\/wp\/v2\/posts\/1671"}],"collection":[{"href":"https:\/\/elfaro.fmmiradio.com\/index.php?rest_route=\/wp\/v2\/posts"}],"about":[{"href":"https:\/\/elfaro.fmmiradio.com\/index.php?rest_route=\/wp\/v2\/types\/post"}],"author":[{"embeddable":true,"href":"https:\/\/elfaro.fmmiradio.com\/index.php?rest_route=\/wp\/v2\/users\/4"}],"replies":[{"embeddable":true,"href":"https:\/\/elfaro.fmmiradio.com\/index.php?rest_route=%2Fwp%2Fv2%2Fcomments&post=1671"}],"version-history":[{"count":2,"href":"https:\/\/elfaro.fmmiradio.com\/index.php?rest_route=\/wp\/v2\/posts\/1671\/revisions"}],"predecessor-version":[{"id":1685,"href":"https:\/\/elfaro.fmmiradio.com\/index.php?rest_route=\/wp\/v2\/posts\/1671\/revisions\/1685"}],"wp:featuredmedia":[{"embeddable":true,"href":"https:\/\/elfaro.fmmiradio.com\/index.php?rest_route=\/wp\/v2\/media\/1684"}],"wp:attachment":[{"href":"https:\/\/elfaro.fmmiradio.com\/index.php?rest_route=%2Fwp%2Fv2%2Fmedia&parent=1671"}],"wp:term":[{"taxonomy":"category","embeddable":true,"href":"https:\/\/elfaro.fmmiradio.com\/index.php?rest_route=%2Fwp%2Fv2%2Fcategories&post=1671"},{"taxonomy":"post_tag","embeddable":true,"href":"https:\/\/elfaro.fmmiradio.com\/index.php?rest_route=%2Fwp%2Fv2%2Ftags&post=1671"}],"curies":[{"name":"wp","href":"https:\/\/api.w.org\/{rel}","templated":true}]}}