{"id":1427,"date":"2021-06-23T03:47:22","date_gmt":"2021-06-23T03:47:22","guid":{"rendered":"http:\/\/elfaro.fmmiradio.com\/?p=1427"},"modified":"2021-06-23T15:42:54","modified_gmt":"2021-06-23T15:42:54","slug":"localidades","status":"publish","type":"post","link":"https:\/\/elfaro.fmmiradio.com\/?p=1427","title":{"rendered":"LOCALIDADES"},"content":{"rendered":"\n<p>El organismo present\u00f3 un informe sobre la desigualdad y el bajo crecimiento en la regi\u00f3n, en el que algunos expertos se atrevieron a pronosticar que las econom\u00edas comenzar\u00e1n a recuperarse entre 2022 y 2025<\/p>\n","protected":false},"excerpt":{"rendered":"<p>El organismo present\u00f3 un informe sobre la desigualdad y el bajo crecimiento en la regi\u00f3n, en el que algunos expertos se atrevieron a pronosticar que las econom\u00edas comenzar\u00e1n a recuperarse entre 2022 y 2025<\/p>\n","protected":false},"author":1,"featured_media":114,"comment_status":"open","ping_status":"open","sticky":false,"template":"","format":"standard","meta":[],"categories":[69],"tags":[],"_links":{"self":[{"href":"https:\/\/elfaro.fmmiradio.com\/index.php?rest_route=\/wp\/v2\/posts\/1427"}],"collection":[{"href":"https:\/\/elfaro.fmmiradio.com\/index.php?rest_route=\/wp\/v2\/posts"}],"about":[{"href":"https:\/\/elfaro.fmmiradio.com\/index.php?rest_route=\/wp\/v2\/types\/post"}],"author":[{"embeddable":true,"href":"https:\/\/elfaro.fmmiradio.com\/index.php?rest_route=\/wp\/v2\/users\/1"}],"replies":[{"embeddable":true,"href":"https:\/\/elfaro.fmmiradio.com\/index.php?rest_route=%2Fwp%2Fv2%2Fcomments&post=1427"}],"version-history":[{"count":2,"href":"https:\/\/elfaro.fmmiradio.com\/index.php?rest_route=\/wp\/v2\/posts\/1427\/revisions"}],"predecessor-version":[{"id":1595,"href":"https:\/\/elfaro.fmmiradio.com\/index.php?rest_route=\/wp\/v2\/posts\/1427\/revisions\/1595"}],"wp:featuredmedia":[{"embeddable":true,"href":"https:\/\/elfaro.fmmiradio.com\/index.php?rest_route=\/wp\/v2\/media\/114"}],"wp:attachment":[{"href":"https:\/\/elfaro.fmmiradio.com\/index.php?rest_route=%2Fwp%2Fv2%2Fmedia&parent=1427"}],"wp:term":[{"taxonomy":"category","embeddable":true,"href":"https:\/\/elfaro.fmmiradio.com\/index.php?rest_route=%2Fwp%2Fv2%2Fcategories&post=1427"},{"taxonomy":"post_tag","embeddable":true,"href":"https:\/\/elfaro.fmmiradio.com\/index.php?rest_route=%2Fwp%2Fv2%2Ftags&post=1427"}],"curies":[{"name":"wp","href":"https:\/\/api.w.org\/{rel}","templated":true}]}}